{"id":1662,"date":"2024-07-24T14:38:29","date_gmt":"2024-07-24T17:38:29","guid":{"rendered":"https:\/\/assegurou.com.br\/blog\/?p=1662"},"modified":"2024-07-24T14:43:40","modified_gmt":"2024-07-24T17:43:40","slug":"isencao-ipva","status":"publish","type":"post","link":"https:\/\/assegurou.com.br\/blog\/isencao-ipva\/","title":{"rendered":"Isen\u00e7\u00e3o do IPVA: saiba como funciona"},"content":{"rendered":"\n<p>Voc\u00ea sabia que existem diversas situa\u00e7\u00f5es em que \u00e9 poss\u00edvel solicitar isen\u00e7\u00e3o do IPVA (Imposto sobre a Propriedade de Ve\u00edculos Automotores), al\u00e9m dos casos de defici\u00eancias f\u00edsicas? Embora muitos conhe\u00e7am a isen\u00e7\u00e3o para pessoas com defici\u00eancia (PCD), h\u00e1 outras circunst\u00e2ncias em que os propriet\u00e1rios de ve\u00edculos podem se beneficiar dessa vantagem fiscal.&nbsp;<\/p>\n\n\n\n<p>Por exemplo, ve\u00edculos antigos, com mais de 20 anos de fabrica\u00e7\u00e3o, costumam estar isentos em diversos estados. Al\u00e9m disso, ve\u00edculos oficiais, de entidades filantr\u00f3picas, e de taxistas tamb\u00e9m podem obter essa isen\u00e7\u00e3o. Outra situa\u00e7\u00e3o que pode garantir a isen\u00e7\u00e3o \u00e9 a de ve\u00edculos que utilizam energia el\u00e9trica ou tecnologias alternativas menos poluentes, incentivando pr\u00e1ticas mais sustent\u00e1veis.&nbsp;<\/p>\n\n\n\n<p>Conhecer essas possibilidades pode ajudar voc\u00ea a economizar e a manter seu ve\u00edculo em conformidade com as leis vigentes, aproveitando os benef\u00edcios dispon\u00edveis.&nbsp;<\/p>\n\n\n\n<h2 class=\"wp-block-heading\">Quem tem direito \u00e0 isen\u00e7\u00e3o do IPVA?<\/h2>\n\n\n\n<p>A isen\u00e7\u00e3o do IPVA \u00e9 um benef\u00edcio concedido a determinados propriet\u00e1rios de ve\u00edculos em situa\u00e7\u00f5es espec\u00edficas, aliviando a carga tribut\u00e1ria e incentivando pr\u00e1ticas sustent\u00e1veis e de inclus\u00e3o social. Diversos grupos podem se enquadrar nesse benef\u00edcio, e \u00e9 importante conhecer as condi\u00e7\u00f5es que permitem a isen\u00e7\u00e3o.<\/p>\n\n\n\n<p>Primeiramente, pessoas com defici\u00eancia (PCD) t\u00eam direito \u00e0 isen\u00e7\u00e3o do IPVA. Isso inclui:<\/p>\n\n\n\n<ul class=\"wp-block-list\">\n<li>Deficientes f\u00edsicos;&nbsp;<\/li>\n\n\n\n<li>Deficientes visuais;<\/li>\n\n\n\n<li>Deficientes mentais e neuro divergentes.&nbsp;<\/li>\n<\/ul>\n\n\n\n<p>Outro grupo beneficiado s\u00e3o os propriet\u00e1rios de ve\u00edculos antigos. Em muitos estados brasileiros, ve\u00edculos com mais de 20 anos de fabrica\u00e7\u00e3o est\u00e3o isentos do pagamento do IPVA. Essa medida visa reduzir a carga tribut\u00e1ria sobre ve\u00edculos que, devido \u00e0 sua antiguidade, t\u00eam menor valor de mercado.<\/p>\n\n\n\n<p>Taxistas e mototaxistas tamb\u00e9m podem solicitar a isen\u00e7\u00e3o do IPVA, desde que o ve\u00edculo seja utilizado exclusivamente para o transporte de passageiros. Esse benef\u00edcio \u00e9 uma forma de apoiar esses profissionais, que dependem do ve\u00edculo para seu sustento.<\/p>\n\n\n\n<p>Ve\u00edculos oficiais, pertencentes a \u00f3rg\u00e3os p\u00fablicos, entidades filantr\u00f3picas e templos religiosos, tamb\u00e9m est\u00e3o isentos do IPVA. Isso contribui para que essas institui\u00e7\u00f5es possam direcionar mais recursos para suas atividades essenciais.<\/p>\n\n\n\n<p>Ve\u00edculos que utilizam fontes de energia alternativas, como carros el\u00e9tricos ou movidos a hidrog\u00eanio, podem obter isen\u00e7\u00e3o dependendo do estado, promovendo a sustentabilidade e incentivando a ado\u00e7\u00e3o de tecnologias menos poluentes.<\/p>\n\n\n\n<p>Produtores rurais que utilizam ve\u00edculos exclusivamente em atividades agr\u00edcolas tamb\u00e9m podem se beneficiar da isen\u00e7\u00e3o do IPVA, facilitando a condu\u00e7\u00e3o de suas opera\u00e7\u00f5es no campo.<\/p>\n\n\n\n<h3 class=\"wp-block-heading\">Isen\u00e7\u00e3o por ano de fabrica\u00e7\u00e3o do ve\u00edculo<\/h3>\n\n\n\n<figure class=\"wp-block-image\"><img loading=\"lazy\" decoding=\"async\" width=\"1600\" height=\"1069\" src=\"https:\/\/assegurou.com.br\/blog\/wp-content\/uploads\/2024\/07\/image-7.jpeg\" alt=\"\" class=\"wp-image-1665\" srcset=\"https:\/\/assegurou.com.br\/blog\/wp-content\/uploads\/2024\/07\/image-7.jpeg 1600w, https:\/\/assegurou.com.br\/blog\/wp-content\/uploads\/2024\/07\/image-7-300x200.jpeg 300w, https:\/\/assegurou.com.br\/blog\/wp-content\/uploads\/2024\/07\/image-7-1024x684.jpeg 1024w, https:\/\/assegurou.com.br\/blog\/wp-content\/uploads\/2024\/07\/image-7-768x513.jpeg 768w, https:\/\/assegurou.com.br\/blog\/wp-content\/uploads\/2024\/07\/image-7-1536x1026.jpeg 1536w\" sizes=\"auto, (max-width: 1600px) 100vw, 1600px\" \/><\/figure>\n\n\n\n<p>A isen\u00e7\u00e3o do IPVA por ano de fabrica\u00e7\u00e3o do ve\u00edculo \u00e9 uma pol\u00edtica adotada por v\u00e1rios estados brasileiros, aliviando a carga tribut\u00e1ria sobre ve\u00edculos antigos. Essa medida visa beneficiar os propriet\u00e1rios de carros que, devido ao tempo de uso, possuem um valor de mercado reduzido, incentivando a preserva\u00e7\u00e3o de ve\u00edculos hist\u00f3ricos e reduzindo o impacto financeiro sobre seus donos.<\/p>\n\n\n\n<p>Em muitos estados, a isen\u00e7\u00e3o \u00e9 aplicada a ve\u00edculos com mais de 20 anos de fabrica\u00e7\u00e3o. Isso significa que, ao atingir essa idade, o ve\u00edculo passa a ser automaticamente isento do <a href=\"https:\/\/assegurou.com.br\/blog\/parcelar-ipva-atrasado\/\" target=\"_blank\" rel=\"noreferrer noopener\">pagamento do IPVA<\/a>, desde que esteja devidamente registrado e licenciado. A defini\u00e7\u00e3o do prazo de 20 anos pode variar de estado para estado, com alguns locais adotando per\u00edodos diferentes, como 15 ou 25 anos, dependendo da legisla\u00e7\u00e3o local.<\/p>\n\n\n\n<p>A pol\u00edtica de isen\u00e7\u00e3o beneficia n\u00e3o apenas os propriet\u00e1rios individuais, mas tamb\u00e9m colecionadores e entusiastas de carros antigos. Esses ve\u00edculos muitas vezes s\u00e3o mantidos em excelente estado de conserva\u00e7\u00e3o e representam um patrim\u00f4nio cultural e hist\u00f3rico, merecendo uma aten\u00e7\u00e3o especial por parte das pol\u00edticas fiscais.<\/p>\n\n\n\n<p>Al\u00e9m disso, a isen\u00e7\u00e3o do IPVA para ve\u00edculos antigos pode ter um impacto positivo na preserva\u00e7\u00e3o ambiental. Ve\u00edculos mais antigos que permanecem em circula\u00e7\u00e3o tendem a ser menos poluentes em termos de produ\u00e7\u00e3o de novos autom\u00f3veis, uma vez que a fabrica\u00e7\u00e3o de um novo carro gera emiss\u00f5es significativas de carbono. Dessa forma, incentivando a manuten\u00e7\u00e3o e uso de ve\u00edculos antigos, essa pol\u00edtica contribui para uma abordagem mais sustent\u00e1vel e consciente.<\/p>\n\n\n\n<h3 class=\"wp-block-heading\">Isen\u00e7\u00e3o para PCDs<\/h3>\n\n\n\n<figure class=\"wp-block-image\"><img loading=\"lazy\" decoding=\"async\" width=\"1600\" height=\"1067\" src=\"https:\/\/assegurou.com.br\/blog\/wp-content\/uploads\/2024\/07\/image-5.jpeg\" alt=\"\" class=\"wp-image-1663\" srcset=\"https:\/\/assegurou.com.br\/blog\/wp-content\/uploads\/2024\/07\/image-5.jpeg 1600w, https:\/\/assegurou.com.br\/blog\/wp-content\/uploads\/2024\/07\/image-5-300x200.jpeg 300w, https:\/\/assegurou.com.br\/blog\/wp-content\/uploads\/2024\/07\/image-5-1024x683.jpeg 1024w, https:\/\/assegurou.com.br\/blog\/wp-content\/uploads\/2024\/07\/image-5-768x512.jpeg 768w, https:\/\/assegurou.com.br\/blog\/wp-content\/uploads\/2024\/07\/image-5-1536x1024.jpeg 1536w\" sizes=\"auto, (max-width: 1600px) 100vw, 1600px\" \/><\/figure>\n\n\n\n<p>A isen\u00e7\u00e3o do IPVA para PCDs \u00e9 um benef\u00edcio que permite que pessoas com defici\u00eancia f\u00edsica, visual, mental severa ou profunda, al\u00e9m de autistas, possam adquirir e manter um ve\u00edculo <a href=\"https:\/\/assegurou.com.br\/blog\/carro-adaptado\/\" target=\"_blank\" rel=\"noreferrer noopener\">adaptado \u00e0s suas necessidades<\/a> sem o \u00f4nus do imposto anual, proporcionando maior mobilidade e independ\u00eancia.<\/p>\n\n\n\n<p>Para obter a isen\u00e7\u00e3o do IPVA, a pessoa com defici\u00eancia deve seguir alguns passos importantes. Primeiro, \u00e9 necess\u00e1rio possuir laudos m\u00e9dicos que comprovem a condi\u00e7\u00e3o de defici\u00eancia, emitidos por profissionais de sa\u00fade. Com esses laudos em m\u00e3os, o interessado deve procurar o Detran de seu estado ou a Secretaria da Fazenda para dar in\u00edcio ao processo de solicita\u00e7\u00e3o.<\/p>\n\n\n\n<p>Al\u00e9m da documenta\u00e7\u00e3o m\u00e9dica, \u00e9 preciso apresentar a c\u00f3pia dos seguintes documentos:<\/p>\n\n\n\n<ul class=\"wp-block-list\">\n<li>Identidade;<\/li>\n\n\n\n<li>Comprovante de resid\u00eancia;<\/li>\n\n\n\n<li>Documenta\u00e7\u00e3o do ve\u00edculo.<\/li>\n<\/ul>\n\n\n\n<p>Em alguns casos, \u00e9 necess\u00e1rio que o ve\u00edculo seja adaptado para atender \u00e0s necessidades espec\u00edficas do condutor ou passageiro com defici\u00eancia.<\/p>\n\n\n\n<p>A isen\u00e7\u00e3o do IPVA para PCDs n\u00e3o se restringe apenas ao condutor do ve\u00edculo. Pessoas com defici\u00eancia que n\u00e3o dirigem, mas que dependem de um familiar ou respons\u00e1vel para seu transporte, tamb\u00e9m podem ser beneficiadas. O ve\u00edculo pode ser registrado no nome do respons\u00e1vel, desde que seja utilizado para atender \u00e0s necessidades de mobilidade da pessoa com defici\u00eancia.<\/p>\n\n\n\n<h3 class=\"wp-block-heading\">Isen\u00e7\u00e3o por doen\u00e7as cr\u00f4nicas<\/h3>\n\n\n\n<p>A isen\u00e7\u00e3o do IPVA para pessoas com doen\u00e7as cr\u00f4nicas \u00e9 uma medida que visa proporcionar apoio financeiro e facilitar a mobilidade desses indiv\u00edduos, cujas condi\u00e7\u00f5es de sa\u00fade requerem cuidados cont\u00ednuos. Essa medida beneficia pessoas diagnosticadas com doen\u00e7as cr\u00f4nicas que impactam significativamente sua qualidade de vida e capacidade de locomo\u00e7\u00e3o, como c\u00e2ncer, HIV\/AIDS, doen\u00e7as renais cr\u00f4nicas, entre outras.<\/p>\n\n\n\n<p>Para usufruir desse benef\u00edcio, \u00e9 necess\u00e1rio apresentar laudos m\u00e9dicos detalhados que comprovem a condi\u00e7\u00e3o de sa\u00fade do requerente. Esses documentos devem ser emitidos por profissionais de sa\u00fade habilitados, indicando a natureza da doen\u00e7a, sua gravidade e o impacto na mobilidade do indiv\u00edduo.<\/p>\n\n\n\n<h3 class=\"wp-block-heading\">Isen\u00e7\u00e3o para idosos<\/h3>\n\n\n\n<p>A isen\u00e7\u00e3o do IPVA para pessoas idosas tem como objetivo gerar al\u00edvio financeiro aos idosos, muitas vezes aposentados e com recursos limitados, facilitando sua mobilidade e acessibilidade.<\/p>\n\n\n\n<p>Para usufruir desta isen\u00e7\u00e3o, geralmente \u00e9 necess\u00e1rio que o idoso atenda a crit\u00e9rios espec\u00edficos estabelecidos pelo governo estadual. Em alguns casos, a idade m\u00ednima para solicita\u00e7\u00e3o pode variar, mas normalmente, a isen\u00e7\u00e3o \u00e9 concedida a partir dos 60 anos de idade.<\/p>\n\n\n\n<p>Al\u00e9m de aliviar os encargos financeiros associados \u00e0 posse de um ve\u00edculo, a isen\u00e7\u00e3o do IPVA permite que os idosos mantenham sua independ\u00eancia e participem ativamente da sociedade, seja para realizar tarefas cotidianas ou para atividades de lazer. Com a redu\u00e7\u00e3o&nbsp; dos gastos com transporte, a isen\u00e7\u00e3o do IPVA contribui para o bem-estar geral dos idosos, garantindo que eles possam desfrutar da sua aposentadoria de maneira mais confort\u00e1vel e tranquila.<\/p>\n\n\n\n<h2 class=\"wp-block-heading\">Como pedir isen\u00e7\u00e3o do IPVA?<\/h2>\n\n\n\n<figure class=\"wp-block-image\"><img loading=\"lazy\" decoding=\"async\" width=\"1600\" height=\"1069\" src=\"https:\/\/assegurou.com.br\/blog\/wp-content\/uploads\/2024\/07\/image-7.jpeg\" alt=\"\" class=\"wp-image-1666\" srcset=\"https:\/\/assegurou.com.br\/blog\/wp-content\/uploads\/2024\/07\/image-7.jpeg 1600w, https:\/\/assegurou.com.br\/blog\/wp-content\/uploads\/2024\/07\/image-7-300x200.jpeg 300w, https:\/\/assegurou.com.br\/blog\/wp-content\/uploads\/2024\/07\/image-7-1024x684.jpeg 1024w, https:\/\/assegurou.com.br\/blog\/wp-content\/uploads\/2024\/07\/image-7-768x513.jpeg 768w, https:\/\/assegurou.com.br\/blog\/wp-content\/uploads\/2024\/07\/image-7-1536x1026.jpeg 1536w\" sizes=\"auto, (max-width: 1600px) 100vw, 1600px\" \/><\/figure>\n\n\n\n<p>Para solicitar a isen\u00e7\u00e3o do IPVA, \u00e9 importante seguir alguns passos espec\u00edficos que variam conforme o estado e o tipo de isen\u00e7\u00e3o desejada. Geralmente, o primeiro passo \u00e9 reunir a documenta\u00e7\u00e3o necess\u00e1ria, que inclui laudos m\u00e9dicos ou outros documentos que comprovem a condi\u00e7\u00e3o que d\u00e1 direito \u00e0 isen\u00e7\u00e3o, como defici\u00eancia, doen\u00e7a grave ou idade avan\u00e7ada.<\/p>\n\n\n\n<p>Em seguida, \u00e9 preciso dirigir-se ao \u00f3rg\u00e3o respons\u00e1vel pelo tr\u00e2nsito ou pela fazenda do seu estado. L\u00e1, voc\u00ea dever\u00e1 preencher um formul\u00e1rio espec\u00edfico para solicita\u00e7\u00e3o de isen\u00e7\u00e3o do IPVA e apresentar toda a documenta\u00e7\u00e3o exigida.<\/p>\n\n\n\n<p>Esteja atento aos prazos estabelecidos pelo \u00f3rg\u00e3o para n\u00e3o perder o per\u00edodo de solicita\u00e7\u00e3o da isen\u00e7\u00e3o. \u00c9 recomend\u00e1vel tamb\u00e9m verificar se todos os documentos est\u00e3o corretamente preenchidos e se h\u00e1 a necessidade de alguma certifica\u00e7\u00e3o ou autentica\u00e7\u00e3o espec\u00edfica.<\/p>\n\n\n\n<p>Ap\u00f3s a an\u00e1lise da documenta\u00e7\u00e3o pelo \u00f3rg\u00e3o competente, a concess\u00e3o da isen\u00e7\u00e3o ser\u00e1 avaliada e, se todos os requisitos forem cumpridos, o benef\u00edcio ser\u00e1 concedido. N\u00e3o esque\u00e7a de acompanhar o processo para garantir que n\u00e3o haja pend\u00eancias que possam atrasar a concess\u00e3o do benef\u00edcio.<\/p>\n\n\n\n<h2 class=\"wp-block-heading\">Quais os documentos necess\u00e1rios para isen\u00e7\u00e3o?<\/h2>\n\n\n\n<p>Para obter a isen\u00e7\u00e3o do IPVA, \u00e9 preciso separar uma s\u00e9rie de documentos que comprovem a condi\u00e7\u00e3o ou situa\u00e7\u00e3o que d\u00e1 direito ao benef\u00edcio. Os documentos necess\u00e1rios podem variar de acordo com o tipo de isen\u00e7\u00e3o solicitada, mas geralmente incluem:<\/p>\n\n\n\n<ul class=\"wp-block-list\">\n<li><strong>Laudos M\u00e9dicos:<\/strong> Para pessoas com defici\u00eancia (PCD) ou com doen\u00e7as graves, s\u00e3o necess\u00e1rios laudos emitidos por m\u00e9dicos, que atestem a condi\u00e7\u00e3o f\u00edsica, visual, mental severa ou profunda, ou o diagn\u00f3stico de doen\u00e7a cr\u00f4nica;<\/li>\n\n\n\n<li><strong>Documenta\u00e7\u00e3o do Ve\u00edculo:<\/strong> \u00c9 preciso apresentar os documentos de identifica\u00e7\u00e3o do ve\u00edculo, como o Certificado de Registro e Licenciamento de Ve\u00edculo (CRLV), para comprovar a propriedade e a regularidade do autom\u00f3vel;<\/li>\n\n\n\n<li><strong>Documentos Pessoais:<\/strong> RG, CPF e comprovante de resid\u00eancia s\u00e3o indispens\u00e1veis para identifica\u00e7\u00e3o e confirma\u00e7\u00e3o dos dados do solicitante;<\/li>\n\n\n\n<li><strong>Formul\u00e1rios Espec\u00edficos:<\/strong> Em alguns estados, \u00e9 necess\u00e1rio preencher formul\u00e1rios espec\u00edficos disponibilizados pelo \u00f3rg\u00e3o respons\u00e1vel, como Detran ou Secretaria da Fazenda, para formalizar o pedido de isen\u00e7\u00e3o;<\/li>\n\n\n\n<li><strong>Outros Documentos Espec\u00edficos:<\/strong> Dependendo do tipo de isen\u00e7\u00e3o, podem ser solicitados documentos adicionais, como comprovante de renda familiar ou declara\u00e7\u00e3o de incapacidade para dirigir, no caso de PCDs que n\u00e3o s\u00e3o condutores.<\/li>\n<\/ul>\n\n\n\n<h2 class=\"wp-block-heading\">Quanto tempo leva para sair a isen\u00e7\u00e3o?<\/h2>\n\n\n\n<p>O tempo para que a isen\u00e7\u00e3o do IPVA seja concedida pode variar dependendo de diversos fatores, como o estado em que o pedido foi realizado e a complexidade da documenta\u00e7\u00e3o apresentada. Geralmente, ap\u00f3s protocolar o pedido junto ao \u00f3rg\u00e3o competente, o processo passa por uma an\u00e1lise dos documentos fornecidos. Esta etapa pode levar algumas semanas at\u00e9 alguns meses, a depender da efici\u00eancia do \u00f3rg\u00e3o respons\u00e1vel e do volume de solicita\u00e7\u00f5es.<\/p>\n\n\n\n<p>Durante o processo, \u00e9 importante estar atento a eventuais pend\u00eancias que possam surgir, como documentos incompletos ou informa\u00e7\u00f5es adicionais necess\u00e1rias. Manter contato regular com o \u00f3rg\u00e3o respons\u00e1vel pode agilizar o processo e garantir que todas as exig\u00eancias sejam cumpridas dentro do prazo estabelecido.<\/p>\n\n\n\n<p>Ap\u00f3s a an\u00e1lise completa dos documentos e verifica\u00e7\u00f5es necess\u00e1rias, a decis\u00e3o final sobre a concess\u00e3o da isen\u00e7\u00e3o \u00e9 comunicada ao solicitante. Uma vez que aprovada, a isen\u00e7\u00e3o passa a valer a partir do pr\u00f3ximo exerc\u00edcio fiscal, e o ve\u00edculo fica liberado do pagamento do IPVA.<\/p>\n","protected":false},"excerpt":{"rendered":"<p>Voc\u00ea sabia que existem diversas situa\u00e7\u00f5es em que \u00e9 poss\u00edvel solicitar isen\u00e7\u00e3o do IPVA (Imposto sobre a Propriedade de Ve\u00edculos Automotores), al\u00e9m dos casos de defici\u00eancias f\u00edsicas? Embora muitos conhe\u00e7am a isen\u00e7\u00e3o para pessoas com defici\u00eancia (PCD), h\u00e1 outras circunst\u00e2ncias em que os propriet\u00e1rios de ve\u00edculos podem se beneficiar dessa vantagem fiscal.&nbsp; Por exemplo, ve\u00edculos&#8230;<\/p>\n","protected":false},"author":2,"featured_media":0,"comment_status":"open","ping_status":"open","sticky":false,"template":"","format":"standard","meta":{"_acf_changed":false,"footnotes":""},"categories":[25],"tags":[],"class_list":["post-1662","post","type-post","status-publish","format-standard","hentry","category-seguro-automovel"],"acf":[],"yoast_head":"<!-- This site is optimized with the Yoast SEO plugin v25.5 - https:\/\/yoast.com\/wordpress\/plugins\/seo\/ -->\r\n<title>Isen\u00e7\u00e3o do IPVA: saiba como funciona<\/title>\r\n<meta name=\"robots\" content=\"index, follow, max-snippet:-1, max-image-preview:large, max-video-preview:-1\" \/>\r\n<link rel=\"canonical\" href=\"https:\/\/assegurou.com.br\/blog\/isencao-ipva\/\" \/>\r\n<meta property=\"og:locale\" content=\"pt_BR\" \/>\r\n<meta property=\"og:type\" content=\"article\" \/>\r\n<meta property=\"og:title\" content=\"Isen\u00e7\u00e3o do IPVA: saiba como funciona\" \/>\r\n<meta property=\"og:description\" content=\"Voc\u00ea sabia que existem diversas situa\u00e7\u00f5es em que \u00e9 poss\u00edvel solicitar isen\u00e7\u00e3o do IPVA (Imposto sobre a Propriedade de Ve\u00edculos Automotores), al\u00e9m dos casos de defici\u00eancias f\u00edsicas? Embora muitos conhe\u00e7am a isen\u00e7\u00e3o para pessoas com defici\u00eancia (PCD), h\u00e1 outras circunst\u00e2ncias em que os propriet\u00e1rios de ve\u00edculos podem se beneficiar dessa vantagem fiscal.&nbsp; Por exemplo, ve\u00edculos...\" \/>\r\n<meta property=\"og:url\" content=\"https:\/\/assegurou.com.br\/blog\/isencao-ipva\/\" \/>\r\n<meta property=\"og:site_name\" content=\"Blogou \u2013 assegurou\" \/>\r\n<meta property=\"article:published_time\" content=\"2024-07-24T17:38:29+00:00\" \/>\r\n<meta property=\"article:modified_time\" content=\"2024-07-24T17:43:40+00:00\" \/>\r\n<meta property=\"og:image\" content=\"https:\/\/assegurou.com.br\/blog\/wp-content\/uploads\/2024\/07\/image-7.jpeg\" \/>\r\n<meta name=\"author\" content=\"Assegurou\" \/>\r\n<meta name=\"twitter:card\" content=\"summary_large_image\" \/>\r\n<meta name=\"twitter:label1\" content=\"Escrito por\" \/>\n\t<meta name=\"twitter:data1\" content=\"Assegurou\" \/>\n\t<meta name=\"twitter:label2\" content=\"Est. tempo de leitura\" \/>\n\t<meta name=\"twitter:data2\" content=\"10 minutos\" \/>\r\n<script type=\"application\/ld+json\" class=\"yoast-schema-graph\">{\"@context\":\"https:\/\/schema.org\",\"@graph\":[{\"@type\":\"WebPage\",\"@id\":\"https:\/\/assegurou.com.br\/blog\/isencao-ipva\/\",\"url\":\"https:\/\/assegurou.com.br\/blog\/isencao-ipva\/\",\"name\":\"Isen\u00e7\u00e3o do IPVA: saiba como funciona\",\"isPartOf\":{\"@id\":\"https:\/\/assegurou.com.br\/blog\/#website\"},\"primaryImageOfPage\":{\"@id\":\"https:\/\/assegurou.com.br\/blog\/isencao-ipva\/#primaryimage\"},\"image\":{\"@id\":\"https:\/\/assegurou.com.br\/blog\/isencao-ipva\/#primaryimage\"},\"thumbnailUrl\":\"https:\/\/assegurou.com.br\/blog\/wp-content\/uploads\/2024\/07\/image-7.jpeg\",\"datePublished\":\"2024-07-24T17:38:29+00:00\",\"dateModified\":\"2024-07-24T17:43:40+00:00\",\"author\":{\"@id\":\"https:\/\/assegurou.com.br\/blog\/#\/schema\/person\/9ed55ed614ae3d65941d75fb8b500d69\"},\"breadcrumb\":{\"@id\":\"https:\/\/assegurou.com.br\/blog\/isencao-ipva\/#breadcrumb\"},\"inLanguage\":\"pt-BR\",\"potentialAction\":[{\"@type\":\"ReadAction\",\"target\":[\"https:\/\/assegurou.com.br\/blog\/isencao-ipva\/\"]}]},{\"@type\":\"ImageObject\",\"inLanguage\":\"pt-BR\",\"@id\":\"https:\/\/assegurou.com.br\/blog\/isencao-ipva\/#primaryimage\",\"url\":\"https:\/\/assegurou.com.br\/blog\/wp-content\/uploads\/2024\/07\/image-7.jpeg\",\"contentUrl\":\"https:\/\/assegurou.com.br\/blog\/wp-content\/uploads\/2024\/07\/image-7.jpeg\",\"width\":1600,\"height\":1069},{\"@type\":\"BreadcrumbList\",\"@id\":\"https:\/\/assegurou.com.br\/blog\/isencao-ipva\/#breadcrumb\",\"itemListElement\":[{\"@type\":\"ListItem\",\"position\":1,\"name\":\"In\u00edcio\",\"item\":\"https:\/\/assegurou.com.br\/blog\/\"},{\"@type\":\"ListItem\",\"position\":2,\"name\":\"Seguro Autom\u00f3vel\",\"item\":\"https:\/\/assegurou.com.br\/blog\/category\/seguro-automovel\/\"},{\"@type\":\"ListItem\",\"position\":3,\"name\":\"Isen\u00e7\u00e3o do IPVA: saiba como funciona\"}]},{\"@type\":\"WebSite\",\"@id\":\"https:\/\/assegurou.com.br\/blog\/#website\",\"url\":\"https:\/\/assegurou.com.br\/blog\/\",\"name\":\"Blogou \u2013 assegurou\",\"description\":\"Blogou \u2013 assegurou\",\"potentialAction\":[{\"@type\":\"SearchAction\",\"target\":{\"@type\":\"EntryPoint\",\"urlTemplate\":\"https:\/\/assegurou.com.br\/blog\/?s={search_term_string}\"},\"query-input\":{\"@type\":\"PropertyValueSpecification\",\"valueRequired\":true,\"valueName\":\"search_term_string\"}}],\"inLanguage\":\"pt-BR\"},{\"@type\":\"Person\",\"@id\":\"https:\/\/assegurou.com.br\/blog\/#\/schema\/person\/9ed55ed614ae3d65941d75fb8b500d69\",\"name\":\"Assegurou\",\"image\":{\"@type\":\"ImageObject\",\"inLanguage\":\"pt-BR\",\"@id\":\"https:\/\/assegurou.com.br\/blog\/#\/schema\/person\/image\/\",\"url\":\"https:\/\/secure.gravatar.com\/avatar\/a4ef31ff5c1ab59d37cdc6cc632b2f8df766312c15916923ec8643a478dc6221?s=96&d=mm&r=g\",\"contentUrl\":\"https:\/\/secure.gravatar.com\/avatar\/a4ef31ff5c1ab59d37cdc6cc632b2f8df766312c15916923ec8643a478dc6221?s=96&d=mm&r=g\",\"caption\":\"Assegurou\"},\"url\":\"https:\/\/assegurou.com.br\/blog\/author\/assegurou\/\"}]}<\/script>\r\n<!-- \/ Yoast SEO plugin. -->","yoast_head_json":{"title":"Isen\u00e7\u00e3o do IPVA: saiba como funciona","robots":{"index":"index","follow":"follow","max-snippet":"max-snippet:-1","max-image-preview":"max-image-preview:large","max-video-preview":"max-video-preview:-1"},"canonical":"https:\/\/assegurou.com.br\/blog\/isencao-ipva\/","og_locale":"pt_BR","og_type":"article","og_title":"Isen\u00e7\u00e3o do IPVA: saiba como funciona","og_description":"Voc\u00ea sabia que existem diversas situa\u00e7\u00f5es em que \u00e9 poss\u00edvel solicitar isen\u00e7\u00e3o do IPVA (Imposto sobre a Propriedade de Ve\u00edculos Automotores), al\u00e9m dos casos de defici\u00eancias f\u00edsicas? Embora muitos conhe\u00e7am a isen\u00e7\u00e3o para pessoas com defici\u00eancia (PCD), h\u00e1 outras circunst\u00e2ncias em que os propriet\u00e1rios de ve\u00edculos podem se beneficiar dessa vantagem fiscal.&nbsp; Por exemplo, ve\u00edculos...","og_url":"https:\/\/assegurou.com.br\/blog\/isencao-ipva\/","og_site_name":"Blogou \u2013 assegurou","article_published_time":"2024-07-24T17:38:29+00:00","article_modified_time":"2024-07-24T17:43:40+00:00","og_image":[{"url":"https:\/\/assegurou.com.br\/blog\/wp-content\/uploads\/2024\/07\/image-7.jpeg","type":"","width":"","height":""}],"author":"Assegurou","twitter_card":"summary_large_image","twitter_misc":{"Escrito por":"Assegurou","Est. tempo de leitura":"10 minutos"},"schema":{"@context":"https:\/\/schema.org","@graph":[{"@type":"WebPage","@id":"https:\/\/assegurou.com.br\/blog\/isencao-ipva\/","url":"https:\/\/assegurou.com.br\/blog\/isencao-ipva\/","name":"Isen\u00e7\u00e3o do IPVA: saiba como funciona","isPartOf":{"@id":"https:\/\/assegurou.com.br\/blog\/#website"},"primaryImageOfPage":{"@id":"https:\/\/assegurou.com.br\/blog\/isencao-ipva\/#primaryimage"},"image":{"@id":"https:\/\/assegurou.com.br\/blog\/isencao-ipva\/#primaryimage"},"thumbnailUrl":"https:\/\/assegurou.com.br\/blog\/wp-content\/uploads\/2024\/07\/image-7.jpeg","datePublished":"2024-07-24T17:38:29+00:00","dateModified":"2024-07-24T17:43:40+00:00","author":{"@id":"https:\/\/assegurou.com.br\/blog\/#\/schema\/person\/9ed55ed614ae3d65941d75fb8b500d69"},"breadcrumb":{"@id":"https:\/\/assegurou.com.br\/blog\/isencao-ipva\/#breadcrumb"},"inLanguage":"pt-BR","potentialAction":[{"@type":"ReadAction","target":["https:\/\/assegurou.com.br\/blog\/isencao-ipva\/"]}]},{"@type":"ImageObject","inLanguage":"pt-BR","@id":"https:\/\/assegurou.com.br\/blog\/isencao-ipva\/#primaryimage","url":"https:\/\/assegurou.com.br\/blog\/wp-content\/uploads\/2024\/07\/image-7.jpeg","contentUrl":"https:\/\/assegurou.com.br\/blog\/wp-content\/uploads\/2024\/07\/image-7.jpeg","width":1600,"height":1069},{"@type":"BreadcrumbList","@id":"https:\/\/assegurou.com.br\/blog\/isencao-ipva\/#breadcrumb","itemListElement":[{"@type":"ListItem","position":1,"name":"In\u00edcio","item":"https:\/\/assegurou.com.br\/blog\/"},{"@type":"ListItem","position":2,"name":"Seguro Autom\u00f3vel","item":"https:\/\/assegurou.com.br\/blog\/category\/seguro-automovel\/"},{"@type":"ListItem","position":3,"name":"Isen\u00e7\u00e3o do IPVA: saiba como funciona"}]},{"@type":"WebSite","@id":"https:\/\/assegurou.com.br\/blog\/#website","url":"https:\/\/assegurou.com.br\/blog\/","name":"Blogou \u2013 assegurou","description":"Blogou \u2013 assegurou","potentialAction":[{"@type":"SearchAction","target":{"@type":"EntryPoint","urlTemplate":"https:\/\/assegurou.com.br\/blog\/?s={search_term_string}"},"query-input":{"@type":"PropertyValueSpecification","valueRequired":true,"valueName":"search_term_string"}}],"inLanguage":"pt-BR"},{"@type":"Person","@id":"https:\/\/assegurou.com.br\/blog\/#\/schema\/person\/9ed55ed614ae3d65941d75fb8b500d69","name":"Assegurou","image":{"@type":"ImageObject","inLanguage":"pt-BR","@id":"https:\/\/assegurou.com.br\/blog\/#\/schema\/person\/image\/","url":"https:\/\/secure.gravatar.com\/avatar\/a4ef31ff5c1ab59d37cdc6cc632b2f8df766312c15916923ec8643a478dc6221?s=96&d=mm&r=g","contentUrl":"https:\/\/secure.gravatar.com\/avatar\/a4ef31ff5c1ab59d37cdc6cc632b2f8df766312c15916923ec8643a478dc6221?s=96&d=mm&r=g","caption":"Assegurou"},"url":"https:\/\/assegurou.com.br\/blog\/author\/assegurou\/"}]}},"_links":{"self":[{"href":"https:\/\/assegurou.com.br\/blog\/wp-json\/wp\/v2\/posts\/1662","targetHints":{"allow":["GET"]}}],"collection":[{"href":"https:\/\/assegurou.com.br\/blog\/wp-json\/wp\/v2\/posts"}],"about":[{"href":"https:\/\/assegurou.com.br\/blog\/wp-json\/wp\/v2\/types\/post"}],"author":[{"embeddable":true,"href":"https:\/\/assegurou.com.br\/blog\/wp-json\/wp\/v2\/users\/2"}],"replies":[{"embeddable":true,"href":"https:\/\/assegurou.com.br\/blog\/wp-json\/wp\/v2\/comments?post=1662"}],"version-history":[{"count":2,"href":"https:\/\/assegurou.com.br\/blog\/wp-json\/wp\/v2\/posts\/1662\/revisions"}],"predecessor-version":[{"id":1680,"href":"https:\/\/assegurou.com.br\/blog\/wp-json\/wp\/v2\/posts\/1662\/revisions\/1680"}],"wp:attachment":[{"href":"https:\/\/assegurou.com.br\/blog\/wp-json\/wp\/v2\/media?parent=1662"}],"wp:term":[{"taxonomy":"category","embeddable":true,"href":"https:\/\/assegurou.com.br\/blog\/wp-json\/wp\/v2\/categories?post=1662"},{"taxonomy":"post_tag","embeddable":true,"href":"https:\/\/assegurou.com.br\/blog\/wp-json\/wp\/v2\/tags?post=1662"}],"curies":[{"name":"wp","href":"https:\/\/api.w.org\/{rel}","templated":true}]}}